{"id":5003,"date":"2021-08-07T11:12:56","date_gmt":"2021-08-07T09:12:56","guid":{"rendered":"http:\/\/fanfaredubono.fr\/?p=5003"},"modified":"2021-08-07T11:12:56","modified_gmt":"2021-08-07T09:12:56","slug":"soiree-cirque-a-carnac-avec-equilibres","status":"publish","type":"post","link":"http:\/\/fanfaredubono.fr\/index.php\/2021\/08\/07\/soiree-cirque-a-carnac-avec-equilibres\/","title":{"rendered":"Soir\u00e9e cirque \u00e0 Carnac avec Equilibres"},"content":{"rendered":"<p>Un lieu magique a accueilli les fanfarons ce 8 juillet. L&rsquo;association Equilibres a plant\u00e9 son chapiteau pr\u00e8s du ch\u00e2teau de Kercado \u00e0 Carnac et invit\u00e9 la Fanfare pour la soir\u00e9e de cl\u00f4ture de son stage. Pour une fois les vedettes n&rsquo;\u00e9taient pas les musiciens !&#8230;<\/p>\n<p><a href=\"http:\/\/fanfaredubono.fr\/wp-content\/uploads\/Carnac072114.jpg\"><img loading=\"lazy\" decoding=\"async\" class=\"alignnone size-large wp-image-4847\" src=\"http:\/\/fanfaredubono.fr\/wp-content\/uploads\/Carnac072114-899x1080.jpg\" alt=\"Carnac072114\" width=\"640\" height=\"769\" srcset=\"http:\/\/fanfaredubono.fr\/wp-content\/uploads\/Carnac072114-899x1080.jpg 899w, http:\/\/fanfaredubono.fr\/wp-content\/uploads\/Carnac072114-250x300.jpg 250w, http:\/\/fanfaredubono.fr\/wp-content\/uploads\/Carnac072114.jpg 1582w\" sizes=\"auto, (max-width: 640px) 100vw, 640px\" \/><\/a><\/p>\n","protected":false},"excerpt":{"rendered":"<p>Un lieu magique a accueilli les fanfarons ce 8 juillet. L&rsquo;association Equilibres a plant\u00e9 son chapiteau pr\u00e8s du ch\u00e2teau de Kercado \u00e0 Carnac et invit\u00e9 la Fanfare pour la soir\u00e9e de cl\u00f4ture de son stage. Pour une fois les vedettes &hellip; <a href=\"http:\/\/fanfaredubono.fr\/index.php\/2021\/08\/07\/soiree-cirque-a-carnac-avec-equilibres\/\">Continuer la lecture <span class=\"meta-nav\">&rarr;<\/span><\/a><\/p>\n","protected":false},"author":1,"featured_media":0,"comment_status":"closed","ping_status":"open","sticky":false,"template":"","format":"standard","meta":{"footnotes":"","_links_to":"","_links_to_target":""},"categories":[1],"tags":[],"class_list":["post-5003","post","type-post","status-publish","format-standard","hentry","category-non-classe"],"_links":{"self":[{"href":"http:\/\/fanfaredubono.fr\/index.php\/wp-json\/wp\/v2\/posts\/5003","targetHints":{"allow":["GET"]}}],"collection":[{"href":"http:\/\/fanfaredubono.fr\/index.php\/wp-json\/wp\/v2\/posts"}],"about":[{"href":"http:\/\/fanfaredubono.fr\/index.php\/wp-json\/wp\/v2\/types\/post"}],"author":[{"embeddable":true,"href":"http:\/\/fanfaredubono.fr\/index.php\/wp-json\/wp\/v2\/users\/1"}],"replies":[{"embeddable":true,"href":"http:\/\/fanfaredubono.fr\/index.php\/wp-json\/wp\/v2\/comments?post=5003"}],"version-history":[{"count":0,"href":"http:\/\/fanfaredubono.fr\/index.php\/wp-json\/wp\/v2\/posts\/5003\/revisions"}],"wp:attachment":[{"href":"http:\/\/fanfaredubono.fr\/index.php\/wp-json\/wp\/v2\/media?parent=5003"}],"wp:term":[{"taxonomy":"category","embeddable":true,"href":"http:\/\/fanfaredubono.fr\/index.php\/wp-json\/wp\/v2\/categories?post=5003"},{"taxonomy":"post_tag","embeddable":true,"href":"http:\/\/fanfaredubono.fr\/index.php\/wp-json\/wp\/v2\/tags?post=5003"}],"curies":[{"name":"wp","href":"https:\/\/api.w.org\/{rel}","templated":true}]}}